{"id":49,"date":"2007-04-26T15:53:16","date_gmt":"2007-04-26T15:53:16","guid":{"rendered":"https:\/\/weissewaende.at\/?p=49"},"modified":"2011-10-30T21:51:33","modified_gmt":"2011-10-30T21:51:33","slug":"weisse-waende-miles-komplettes-konzert-auf-mp3","status":"publish","type":"post","link":"https:\/\/weissewaende.at\/?p=49","title":{"rendered":"[WEISSE WAENDE @ MILES SMILES &#8211; KONZERTMITSCHNITT]"},"content":{"rendered":"<p>Der Weisse Waende Auftritt am 20. November 2007 im Wiener Jazzlokal &#8220;Miles Smiles&#8221; wurde von &#8220;Aufnahmeleiter Seebacher&#8221; mitgeschnitten. Derzeit noch unbearbeitet und mit einigen \u00dcbersteuerungen, wollen wir es dennoch nicht vers\u00e4umen, die St\u00fccke des Abends hier zu ver\u00f6ffentlichen. Viel Spa\u00df beim H\u00f6ren:<strong><\/strong><\/p>\n<p><strong><br \/>\n2. <a title=\"Andreas\" href=\"https:\/\/weissewaende.at\/wp-content\/uploads\/2007\/11\/weisse-waende-andreas.mp3\" target=\"_blank\">Andreas<\/a> (04:30)<br \/>\n3. <a title=\"Ich gehe (fnf)\" href=\"https:\/\/weissewaende.at\/wp-content\/uploads\/2007\/11\/weisse-waende-ich-gehe-fnm.mp3\" target=\"_blank\">Ich gehe (Funky-Nachbarn-Fassung)<\/a> (05:36)<br \/>\n5. <a title=\"Verfolgt und doch ganz locker\" href=\"https:\/\/weissewaende.at\/wp-content\/uploads\/2007\/11\/weisse-waende-verfolgt-und-doch-ganz-locker.mp3\" target=\"_blank\">Verfolgt und doch ganz locker<\/a> (04:09)<br \/>\n6. <a title=\"Der Tag des Bademeisters\" href=\"https:\/\/weissewaende.at\/wp-content\/uploads\/2007\/11\/weisse-waende-der-tag-des-bademeisters.mp3\" target=\"_blank\">Der Tag des Bademeisters<\/a> (06:42)<\/strong><\/p>\n","protected":false},"excerpt":{"rendered":"<p>Der Weisse Waende Auftritt am 20. November 2007 im Wiener Jazzlokal &#8220;Miles Smiles&#8221; wurde von &#8220;Aufnahmeleiter Seebacher&#8221; mitgeschnitten. Derzeit noch unbearbeitet und mit einigen \u00dcbersteuerungen, wollen wir es dennoch nicht vers\u00e4umen, die St\u00fccke des Abends hier zu ver\u00f6ffentlichen. Viel Spa\u00df beim H\u00f6ren: 2. Andreas (04:30) 3. Ich gehe (Funky-Nachbarn-Fassung) (05:36) 5. Verfolgt und doch ganz &hellip; <\/p>\n<p class=\"link-more\"><a href=\"https:\/\/weissewaende.at\/?p=49\" class=\"more-link\">Continue reading<span class=\"screen-reader-text\"> &#8220;[WEISSE WAENDE @ MILES SMILES &#8211; KONZERTMITSCHNITT]&#8221;<\/span><\/a><\/p>\n","protected":false},"author":2,"featured_media":0,"comment_status":"open","ping_status":"closed","sticky":false,"template":"","format":"standard","meta":{"footnotes":""},"categories":[3,1],"tags":[],"class_list":["post-49","post","type-post","status-publish","format-standard","hentry","category-konzerte","category-uncategorized"],"_links":{"self":[{"href":"https:\/\/weissewaende.at\/index.php?rest_route=\/wp\/v2\/posts\/49","targetHints":{"allow":["GET"]}}],"collection":[{"href":"https:\/\/weissewaende.at\/index.php?rest_route=\/wp\/v2\/posts"}],"about":[{"href":"https:\/\/weissewaende.at\/index.php?rest_route=\/wp\/v2\/types\/post"}],"author":[{"embeddable":true,"href":"https:\/\/weissewaende.at\/index.php?rest_route=\/wp\/v2\/users\/2"}],"replies":[{"embeddable":true,"href":"https:\/\/weissewaende.at\/index.php?rest_route=%2Fwp%2Fv2%2Fcomments&post=49"}],"version-history":[{"count":5,"href":"https:\/\/weissewaende.at\/index.php?rest_route=\/wp\/v2\/posts\/49\/revisions"}],"predecessor-version":[{"id":527,"href":"https:\/\/weissewaende.at\/index.php?rest_route=\/wp\/v2\/posts\/49\/revisions\/527"}],"wp:attachment":[{"href":"https:\/\/weissewaende.at\/index.php?rest_route=%2Fwp%2Fv2%2Fmedia&parent=49"}],"wp:term":[{"taxonomy":"category","embeddable":true,"href":"https:\/\/weissewaende.at\/index.php?rest_route=%2Fwp%2Fv2%2Fcategories&post=49"},{"taxonomy":"post_tag","embeddable":true,"href":"https:\/\/weissewaende.at\/index.php?rest_route=%2Fwp%2Fv2%2Ftags&post=49"}],"curies":[{"name":"wp","href":"https:\/\/api.w.org\/{rel}","templated":true}]}}